{"id":2352,"date":"2025-10-24T11:57:36","date_gmt":"2025-10-24T09:57:36","guid":{"rendered":"https:\/\/sdswisznice.pl\/?p=2352"},"modified":"2025-10-24T11:57:36","modified_gmt":"2025-10-24T09:57:36","slug":"xii-festiwal-filmowy-tworczosci-osob-niepelnosprawnych","status":"publish","type":"post","link":"https:\/\/sdswisznice.pl\/index.php\/2025\/10\/24\/xii-festiwal-filmowy-tworczosci-osob-niepelnosprawnych\/","title":{"rendered":"XII Festiwal Filmowy Tw\u00f3rczo\u015bci Os\u00f3b Niepe\u0142nosprawnych"},"content":{"rendered":"<div class=\"xdj266r x14z9mp xat24cr x1lziwak x1vvkbs x126k92a\">\n<div dir=\"auto\">22 pa\u017adziernika 2025 r. mieli\u015bmy ogromn\u0105 przyjemno\u015b\u0107 uczestniczy\u0107 w XII Festiwalu Filmowym Tw\u00f3rczo\u015bci Os\u00f3b Niepe\u0142nosprawnych, kt\u00f3ry w tym roku odby\u0142 si\u0119 pod has\u0142em \u201eniepelnoSPRAWNI i ja\u201d. <span class=\"html-span xexx8yu xyri2b x18d9i69 x1c1uobl x1hl2dhg x16tdsg8 x1vvkbs x3nfvp2 x1j61x8r x1fcty0u xdj266r xat24cr xm2jcoa x1mpyi22 xxymvpz xlup9mm x1kky2od\"><img loading=\"lazy\" decoding=\"async\" class=\"xz74otr x15mokao x1ga7v0g x16uus16 xbiv7yw\" src=\"https:\/\/static.xx.fbcdn.net\/images\/emoji.php\/v9\/te0\/1\/16\/1f31f.png\" alt=\"&#x1f31f;\" width=\"16\" height=\"16\" \/><\/span><\/div>\n<\/div>\n<div class=\"x14z9mp xat24cr x1lziwak x1vvkbs xtlvy1s x126k92a\">\n<div dir=\"auto\">To pi\u0119kne wydarzenie, pe\u0142ne emocji, talentu i inspiracji \u2013 pokazuj\u0105ce, \u017ce tw\u00f3rczo\u015b\u0107 nie ma \u017cadnych ogranicze\u0144. <span class=\"html-span xexx8yu xyri2b x18d9i69 x1c1uobl x1hl2dhg x16tdsg8 x1vvkbs x3nfvp2 x1j61x8r x1fcty0u xdj266r xat24cr xm2jcoa x1mpyi22 xxymvpz xlup9mm x1kky2od\"><img loading=\"lazy\" decoding=\"async\" class=\"xz74otr x15mokao x1ga7v0g x16uus16 xbiv7yw\" src=\"https:\/\/static.xx.fbcdn.net\/images\/emoji.php\/v9\/t6c\/1\/16\/1f499.png\" alt=\"&#x1f499;\" width=\"16\" height=\"16\" \/>\u00a0<\/span><\/div>\n<\/div>\n","protected":false},"excerpt":{"rendered":"<p>22 pa\u017adziernika 2025 r. mieli\u015bmy ogromn\u0105 przyjemno\u015b\u0107 uczestniczy\u0107 w XII Festiwalu Filmowym Tw\u00f3rczo\u015bci Os\u00f3b Niepe\u0142nosprawnych, kt\u00f3ry w tym roku odby\u0142 si\u0119 pod has\u0142em \u201eniepelnoSPRAWNI i ja\u201d. To pi\u0119kne wydarzenie, pe\u0142ne emocji, talentu i inspiracji \u2013 pokazuj\u0105ce, \u017ce tw\u00f3rczo\u015b\u0107 nie ma \u017cadnych ogranicze\u0144. \u00a0<\/p>\n","protected":false},"author":3,"featured_media":2353,"comment_status":"open","ping_status":"open","sticky":false,"template":"","format":"standard","meta":{"_et_pb_use_builder":"","_et_pb_old_content":"","_et_gb_content_width":"","footnotes":""},"categories":[1],"tags":[],"class_list":["post-2352","post","type-post","status-publish","format-standard","has-post-thumbnail","hentry","category-bez-kategorii"],"acf":[],"_links":{"self":[{"href":"https:\/\/sdswisznice.pl\/index.php\/wp-json\/wp\/v2\/posts\/2352","targetHints":{"allow":["GET"]}}],"collection":[{"href":"https:\/\/sdswisznice.pl\/index.php\/wp-json\/wp\/v2\/posts"}],"about":[{"href":"https:\/\/sdswisznice.pl\/index.php\/wp-json\/wp\/v2\/types\/post"}],"author":[{"embeddable":true,"href":"https:\/\/sdswisznice.pl\/index.php\/wp-json\/wp\/v2\/users\/3"}],"replies":[{"embeddable":true,"href":"https:\/\/sdswisznice.pl\/index.php\/wp-json\/wp\/v2\/comments?post=2352"}],"version-history":[{"count":1,"href":"https:\/\/sdswisznice.pl\/index.php\/wp-json\/wp\/v2\/posts\/2352\/revisions"}],"predecessor-version":[{"id":2354,"href":"https:\/\/sdswisznice.pl\/index.php\/wp-json\/wp\/v2\/posts\/2352\/revisions\/2354"}],"wp:featuredmedia":[{"embeddable":true,"href":"https:\/\/sdswisznice.pl\/index.php\/wp-json\/wp\/v2\/media\/2353"}],"wp:attachment":[{"href":"https:\/\/sdswisznice.pl\/index.php\/wp-json\/wp\/v2\/media?parent=2352"}],"wp:term":[{"taxonomy":"category","embeddable":true,"href":"https:\/\/sdswisznice.pl\/index.php\/wp-json\/wp\/v2\/categories?post=2352"},{"taxonomy":"post_tag","embeddable":true,"href":"https:\/\/sdswisznice.pl\/index.php\/wp-json\/wp\/v2\/tags?post=2352"}],"curies":[{"name":"wp","href":"https:\/\/api.w.org\/{rel}","templated":true}]}}